{"id":30117,"date":"2024-08-23T17:00:00","date_gmt":"2024-08-23T15:00:00","guid":{"rendered":"https:\/\/www.viaplayradio.se\/lugnafavoriter\/?p=30117"},"modified":"2024-09-09T11:05:41","modified_gmt":"2024-09-09T09:05:41","slug":"lugna-favoriter-bjuder-dig-och-en-van-pa-dreamgirls-the-musical","status":"publish","type":"post","link":"https:\/\/www.viaplayradio.se\/lugnafavoriter\/lugna-favoriter-bjuder-dig-och-en-van-pa-dreamgirls-the-musical\/","title":{"rendered":"Lugna Favoriter bjuder dig och en v\u00e4n p\u00e5 Dreamgirls &#8211; The Musical"},"content":{"rendered":"\n<p>Succ\u00e9musikalen fr\u00e5n Broadway och West End har premi\u00e4r p\u00e5 Chinateatern den 12 september.<\/p>\n\n\n\n<p>Dreamgirls &#8211; The Musical en resa fylld av dr\u00f6mmar, k\u00e4rlek, v\u00e4nskap och svek.<\/p>\n\n\n\n<p>Upplev magin f\u00f6re alla andra p\u00e5 genrepet den 11 september.<\/p>\n\n\n\n<p><strong>Anm\u00e4l dig h\u00e4r <\/strong><\/p>\n\n\n\n\n\n\n\n<p>T\u00e4vling 26 augusti &#8211; 6 september<\/p>\n\n\n\n<figure class=\"wp-block-embed is-type-video is-provider-youtube wp-block-embed-youtube wp-embed-aspect-16-9 wp-has-aspect-ratio\"><div class=\"wp-block-embed__wrapper\">\n<iframe loading=\"lazy\" title=\"Dreamgirls - The Musical Trailer China Teatern 2024\" width=\"500\" height=\"281\" src=\"https:\/\/www.youtube.com\/embed\/F9nZGkmPBfQ?feature=oembed\" frameborder=\"0\" allow=\"accelerometer; autoplay; clipboard-write; encrypted-media; gyroscope; picture-in-picture; web-share\" referrerpolicy=\"strict-origin-when-cross-origin\" allowfullscreen><\/iframe>\n<\/div><\/figure>\n\n\n\n<p><strong>DREAMGIRLS \u2013 THE MUSICAL<\/strong><\/p>\n\n\n\n<p>De tre v\u00e4nnerna Deena, Effie och Lorrell dr\u00f6mmer om att sl\u00e5 igenom med sin grupp The Dreamettes.<\/p>\n\n\n\n<p>Chansen dyker upp n\u00e4r de tr\u00e4ffar bilhandlaren Curtis vid en talangt\u00e4vling. Curtis blir gruppens&nbsp;manager och hj\u00e4lper de unga kvinnorna in i den utmanande musikindustrin, i en tid pr\u00e4glad av f\u00f6rdomar och diskriminering. V\u00e4gen till stj\u00e4rnglansen \u00e4r inte enkel och n\u00e4r Curtis avs\u00e4tter Effie som gruppens solos\u00e5ngerska och ist\u00e4llet riktar str\u00e5lkastarljuset mot Deena, pr\u00f6vas tjejernas v\u00e4nskap.<\/p>\n\n\n\n<p>I huvudrollerna som Deena, Effie och Lorrell ser vi artisterna Janice Kavander, Laila Ad\u00e9le och Mary N\u2019Diaye. P\u00e5 scen ser vi \u00e4ven sk\u00e5despelarna Peter Gardiner och Alexander Larsson i rollerna som Marty och Curtis. Ensemblen best\u00e5r av n\u00e5gra av Sveriges mest meriterande s\u00e5ngare och dansare, ackompanjerad av en stor orkester.<\/p>\n\n\n\n<p><em>Dreamgirls &#8211; The Musical&nbsp;<\/em>har gjort succ\u00e9 p\u00e5 Broadway \u00e4nda sedan urpremi\u00e4ren 1981 och har under&nbsp;\u00e5ren lovordats f\u00f6r sina storslagna musiknummer och starka framtr\u00e4danden. P\u00e5 Tony Awards&nbsp;tilldelades Dreamgirls sex utm\u00e4rkelser, d\u00e4ribland b\u00e4sta musikal och b\u00e4sta kvinnliga huvudroll f\u00f6r&nbsp;Jennifer Holliday som spelade rollen som Effie. Framg\u00e5ngssagan p\u00e5 Broadway mynnade ut i&nbsp;filmatiseringen av Dreamgirls 2006 med Beyonc\u00e9 Knowles, Jamie Foxx, Eddie Murphy och Jennifer<\/p>\n\n\n\n<p>Hudson i huvudrollerna. Filmen vann tre Golden Globe Awards och tv\u00e5 Oscars, d\u00e4r Jennifer Hudson&nbsp;vann pris f\u00f6r b\u00e4sta kvinnliga biroll.<\/p>\n","protected":false},"excerpt":{"rendered":"<p>Succ\u00e9musikalen fr\u00e5n Broadway och West End har premi\u00e4r p\u00e5 Chinateatern den 12 september.<\/p>\n<p>Dreamgirls &#8211; The Musical en resa fylld av dr\u00f6mmar, k\u00e4rlek, v\u00e4nskap och svek.<\/p>\n<p>Upplev magin f\u00f6re alla andra p\u00e5 genrepet den 11 september.<\/p>\n","protected":false},"author":4,"featured_media":30119,"comment_status":"open","ping_status":"open","sticky":false,"template":"","format":"standard","meta":{"footnotes":"","_links_to":"","_links_to_target":""},"categories":[7],"tags":[],"yoast_head":"<!-- This site is optimized with the Yoast SEO plugin v22.9 - https:\/\/yoast.com\/wordpress\/plugins\/seo\/ -->\n<title>Lugna Favoriter bjuder dig och en v\u00e4n p\u00e5 Dreamgirls - The Musical - Lugna Favoriter<\/title>\n<meta name=\"robots\" content=\"index, follow, max-snippet:-1, max-image-preview:large, max-video-preview:-1\" \/>\n<link rel=\"canonical\" href=\"https:\/\/www.viaplayradio.se\/lugnafavoriter\/lugna-favoriter-bjuder-dig-och-en-van-pa-dreamgirls-the-musical\/\" \/>\n<meta property=\"og:locale\" content=\"sv_SE\" \/>\n<meta property=\"og:type\" content=\"article\" \/>\n<meta property=\"og:title\" content=\"Lugna Favoriter bjuder dig och en v\u00e4n p\u00e5 Dreamgirls - The Musical - Lugna Favoriter\" \/>\n<meta property=\"og:description\" content=\"Succ\u00e9musikalen fr\u00e5n Broadway och West End har premi\u00e4r p\u00e5 Chinateatern den 12 september. Dreamgirls - The Musical en resa fylld av dr\u00f6mmar, k\u00e4rlek, v\u00e4nskap och svek. Upplev magin f\u00f6re alla andra p\u00e5 genrepet den 11 september.\" \/>\n<meta property=\"og:url\" content=\"https:\/\/www.viaplayradio.se\/lugnafavoriter\/lugna-favoriter-bjuder-dig-och-en-van-pa-dreamgirls-the-musical\/\" \/>\n<meta property=\"og:site_name\" content=\"Lugna Favoriter\" \/>\n<meta property=\"article:published_time\" content=\"2024-08-23T15:00:00+00:00\" \/>\n<meta property=\"article:modified_time\" content=\"2024-09-09T09:05:41+00:00\" \/>\n<meta property=\"og:image\" content=\"https:\/\/www.viaplayradio.se\/lugnafavoriter\/wp-content\/uploads\/sites\/5\/2024\/08\/anglagard-1-scaled.jpg\" \/>\n\t<meta property=\"og:image:width\" content=\"2560\" \/>\n\t<meta property=\"og:image:height\" content=\"1024\" \/>\n\t<meta property=\"og:image:type\" content=\"image\/jpeg\" \/>\n<meta name=\"author\" content=\"NENT Group\" \/>\n<meta name=\"twitter:card\" content=\"summary_large_image\" \/>\n<meta name=\"twitter:label1\" content=\"Skriven av\" \/>\n\t<meta name=\"twitter:data1\" content=\"NENT Group\" \/>\n\t<meta name=\"twitter:label2\" content=\"Ber\u00e4knad l\u00e4stid\" \/>\n\t<meta name=\"twitter:data2\" content=\"2 minuter\" \/>\n<script type=\"application\/ld+json\" class=\"yoast-schema-graph\">{\"@context\":\"https:\/\/schema.org\",\"@graph\":[{\"@type\":\"WebPage\",\"@id\":\"https:\/\/www.viaplayradio.se\/lugnafavoriter\/lugna-favoriter-bjuder-dig-och-en-van-pa-dreamgirls-the-musical\/\",\"url\":\"https:\/\/www.viaplayradio.se\/lugnafavoriter\/lugna-favoriter-bjuder-dig-och-en-van-pa-dreamgirls-the-musical\/\",\"name\":\"Lugna Favoriter bjuder dig och en v\u00e4n p\u00e5 Dreamgirls - The Musical - Lugna Favoriter\",\"isPartOf\":{\"@id\":\"https:\/\/www.viaplayradio.se\/lugnafavoriter\/#website\"},\"primaryImageOfPage\":{\"@id\":\"https:\/\/www.viaplayradio.se\/lugnafavoriter\/lugna-favoriter-bjuder-dig-och-en-van-pa-dreamgirls-the-musical\/#primaryimage\"},\"image\":{\"@id\":\"https:\/\/www.viaplayradio.se\/lugnafavoriter\/lugna-favoriter-bjuder-dig-och-en-van-pa-dreamgirls-the-musical\/#primaryimage\"},\"thumbnailUrl\":\"https:\/\/www.viaplayradio.se\/lugnafavoriter\/wp-content\/uploads\/sites\/5\/2024\/08\/anglagard-1-scaled.jpg\",\"datePublished\":\"2024-08-23T15:00:00+00:00\",\"dateModified\":\"2024-09-09T09:05:41+00:00\",\"author\":{\"@id\":\"https:\/\/www.viaplayradio.se\/lugnafavoriter\/#\/schema\/person\/9584cb8350e92a12d7fc09d2d1ce4065\"},\"breadcrumb\":{\"@id\":\"https:\/\/www.viaplayradio.se\/lugnafavoriter\/lugna-favoriter-bjuder-dig-och-en-van-pa-dreamgirls-the-musical\/#breadcrumb\"},\"inLanguage\":\"sv-SE\",\"potentialAction\":[{\"@type\":\"ReadAction\",\"target\":[\"https:\/\/www.viaplayradio.se\/lugnafavoriter\/lugna-favoriter-bjuder-dig-och-en-van-pa-dreamgirls-the-musical\/\"]}]},{\"@type\":\"ImageObject\",\"inLanguage\":\"sv-SE\",\"@id\":\"https:\/\/www.viaplayradio.se\/lugnafavoriter\/lugna-favoriter-bjuder-dig-och-en-van-pa-dreamgirls-the-musical\/#primaryimage\",\"url\":\"https:\/\/www.viaplayradio.se\/lugnafavoriter\/wp-content\/uploads\/sites\/5\/2024\/08\/anglagard-1-scaled.jpg\",\"contentUrl\":\"https:\/\/www.viaplayradio.se\/lugnafavoriter\/wp-content\/uploads\/sites\/5\/2024\/08\/anglagard-1-scaled.jpg\",\"width\":2560,\"height\":1024},{\"@type\":\"BreadcrumbList\",\"@id\":\"https:\/\/www.viaplayradio.se\/lugnafavoriter\/lugna-favoriter-bjuder-dig-och-en-van-pa-dreamgirls-the-musical\/#breadcrumb\",\"itemListElement\":[{\"@type\":\"ListItem\",\"position\":1,\"name\":\"Hem\",\"item\":\"https:\/\/www.viaplayradio.se\/lugnafavoriter\/\"},{\"@type\":\"ListItem\",\"position\":2,\"name\":\"Lugna Favoriter bjuder dig och en v\u00e4n p\u00e5 Dreamgirls &#8211; The Musical\"}]},{\"@type\":\"WebSite\",\"@id\":\"https:\/\/www.viaplayradio.se\/lugnafavoriter\/#website\",\"url\":\"https:\/\/www.viaplayradio.se\/lugnafavoriter\/\",\"name\":\"Lugna Favoriter\",\"description\":\"En till I Like Radio-webbplatser webbplats\",\"potentialAction\":[{\"@type\":\"SearchAction\",\"target\":{\"@type\":\"EntryPoint\",\"urlTemplate\":\"https:\/\/www.viaplayradio.se\/lugnafavoriter\/?s={search_term_string}\"},\"query-input\":\"required name=search_term_string\"}],\"inLanguage\":\"sv-SE\"},{\"@type\":\"Person\",\"@id\":\"https:\/\/www.viaplayradio.se\/lugnafavoriter\/#\/schema\/person\/9584cb8350e92a12d7fc09d2d1ce4065\",\"name\":\"NENT Group\",\"image\":{\"@type\":\"ImageObject\",\"inLanguage\":\"sv-SE\",\"@id\":\"https:\/\/www.viaplayradio.se\/lugnafavoriter\/#\/schema\/person\/image\/\",\"url\":\"https:\/\/secure.gravatar.com\/avatar\/203542d056753ae6c682fdd5845eabfb?s=96&d=mm&r=g\",\"contentUrl\":\"https:\/\/secure.gravatar.com\/avatar\/203542d056753ae6c682fdd5845eabfb?s=96&d=mm&r=g\",\"caption\":\"NENT Group\"},\"url\":\"https:\/\/www.viaplayradio.se\/lugnafavoriter\/author\/radio\/\"}]}<\/script>\n<!-- \/ Yoast SEO plugin. -->","yoast_head_json":{"title":"Lugna Favoriter bjuder dig och en v\u00e4n p\u00e5 Dreamgirls - The Musical - Lugna Favoriter","robots":{"index":"index","follow":"follow","max-snippet":"max-snippet:-1","max-image-preview":"max-image-preview:large","max-video-preview":"max-video-preview:-1"},"canonical":"https:\/\/www.viaplayradio.se\/lugnafavoriter\/lugna-favoriter-bjuder-dig-och-en-van-pa-dreamgirls-the-musical\/","og_locale":"sv_SE","og_type":"article","og_title":"Lugna Favoriter bjuder dig och en v\u00e4n p\u00e5 Dreamgirls - The Musical - Lugna Favoriter","og_description":"Succ\u00e9musikalen fr\u00e5n Broadway och West End har premi\u00e4r p\u00e5 Chinateatern den 12 september. Dreamgirls - The Musical en resa fylld av dr\u00f6mmar, k\u00e4rlek, v\u00e4nskap och svek. Upplev magin f\u00f6re alla andra p\u00e5 genrepet den 11 september.","og_url":"https:\/\/www.viaplayradio.se\/lugnafavoriter\/lugna-favoriter-bjuder-dig-och-en-van-pa-dreamgirls-the-musical\/","og_site_name":"Lugna Favoriter","article_published_time":"2024-08-23T15:00:00+00:00","article_modified_time":"2024-09-09T09:05:41+00:00","og_image":[{"width":2560,"height":1024,"url":"https:\/\/www.viaplayradio.se\/lugnafavoriter\/wp-content\/uploads\/sites\/5\/2024\/08\/anglagard-1-scaled.jpg","type":"image\/jpeg"}],"author":"NENT Group","twitter_card":"summary_large_image","twitter_misc":{"Skriven av":"NENT Group","Ber\u00e4knad l\u00e4stid":"2 minuter"},"schema":{"@context":"https:\/\/schema.org","@graph":[{"@type":"WebPage","@id":"https:\/\/www.viaplayradio.se\/lugnafavoriter\/lugna-favoriter-bjuder-dig-och-en-van-pa-dreamgirls-the-musical\/","url":"https:\/\/www.viaplayradio.se\/lugnafavoriter\/lugna-favoriter-bjuder-dig-och-en-van-pa-dreamgirls-the-musical\/","name":"Lugna Favoriter bjuder dig och en v\u00e4n p\u00e5 Dreamgirls - The Musical - Lugna Favoriter","isPartOf":{"@id":"https:\/\/www.viaplayradio.se\/lugnafavoriter\/#website"},"primaryImageOfPage":{"@id":"https:\/\/www.viaplayradio.se\/lugnafavoriter\/lugna-favoriter-bjuder-dig-och-en-van-pa-dreamgirls-the-musical\/#primaryimage"},"image":{"@id":"https:\/\/www.viaplayradio.se\/lugnafavoriter\/lugna-favoriter-bjuder-dig-och-en-van-pa-dreamgirls-the-musical\/#primaryimage"},"thumbnailUrl":"https:\/\/www.viaplayradio.se\/lugnafavoriter\/wp-content\/uploads\/sites\/5\/2024\/08\/anglagard-1-scaled.jpg","datePublished":"2024-08-23T15:00:00+00:00","dateModified":"2024-09-09T09:05:41+00:00","author":{"@id":"https:\/\/www.viaplayradio.se\/lugnafavoriter\/#\/schema\/person\/9584cb8350e92a12d7fc09d2d1ce4065"},"breadcrumb":{"@id":"https:\/\/www.viaplayradio.se\/lugnafavoriter\/lugna-favoriter-bjuder-dig-och-en-van-pa-dreamgirls-the-musical\/#breadcrumb"},"inLanguage":"sv-SE","potentialAction":[{"@type":"ReadAction","target":["https:\/\/www.viaplayradio.se\/lugnafavoriter\/lugna-favoriter-bjuder-dig-och-en-van-pa-dreamgirls-the-musical\/"]}]},{"@type":"ImageObject","inLanguage":"sv-SE","@id":"https:\/\/www.viaplayradio.se\/lugnafavoriter\/lugna-favoriter-bjuder-dig-och-en-van-pa-dreamgirls-the-musical\/#primaryimage","url":"https:\/\/www.viaplayradio.se\/lugnafavoriter\/wp-content\/uploads\/sites\/5\/2024\/08\/anglagard-1-scaled.jpg","contentUrl":"https:\/\/www.viaplayradio.se\/lugnafavoriter\/wp-content\/uploads\/sites\/5\/2024\/08\/anglagard-1-scaled.jpg","width":2560,"height":1024},{"@type":"BreadcrumbList","@id":"https:\/\/www.viaplayradio.se\/lugnafavoriter\/lugna-favoriter-bjuder-dig-och-en-van-pa-dreamgirls-the-musical\/#breadcrumb","itemListElement":[{"@type":"ListItem","position":1,"name":"Hem","item":"https:\/\/www.viaplayradio.se\/lugnafavoriter\/"},{"@type":"ListItem","position":2,"name":"Lugna Favoriter bjuder dig och en v\u00e4n p\u00e5 Dreamgirls &#8211; The Musical"}]},{"@type":"WebSite","@id":"https:\/\/www.viaplayradio.se\/lugnafavoriter\/#website","url":"https:\/\/www.viaplayradio.se\/lugnafavoriter\/","name":"Lugna Favoriter","description":"En till I Like Radio-webbplatser webbplats","potentialAction":[{"@type":"SearchAction","target":{"@type":"EntryPoint","urlTemplate":"https:\/\/www.viaplayradio.se\/lugnafavoriter\/?s={search_term_string}"},"query-input":"required name=search_term_string"}],"inLanguage":"sv-SE"},{"@type":"Person","@id":"https:\/\/www.viaplayradio.se\/lugnafavoriter\/#\/schema\/person\/9584cb8350e92a12d7fc09d2d1ce4065","name":"NENT Group","image":{"@type":"ImageObject","inLanguage":"sv-SE","@id":"https:\/\/www.viaplayradio.se\/lugnafavoriter\/#\/schema\/person\/image\/","url":"https:\/\/secure.gravatar.com\/avatar\/203542d056753ae6c682fdd5845eabfb?s=96&d=mm&r=g","contentUrl":"https:\/\/secure.gravatar.com\/avatar\/203542d056753ae6c682fdd5845eabfb?s=96&d=mm&r=g","caption":"NENT Group"},"url":"https:\/\/www.viaplayradio.se\/lugnafavoriter\/author\/radio\/"}]}},"_links":{"self":[{"href":"https:\/\/www.viaplayradio.se\/lugnafavoriter\/wp-json\/wp\/v2\/posts\/30117"}],"collection":[{"href":"https:\/\/www.viaplayradio.se\/lugnafavoriter\/wp-json\/wp\/v2\/posts"}],"about":[{"href":"https:\/\/www.viaplayradio.se\/lugnafavoriter\/wp-json\/wp\/v2\/types\/post"}],"author":[{"embeddable":true,"href":"https:\/\/www.viaplayradio.se\/lugnafavoriter\/wp-json\/wp\/v2\/users\/4"}],"replies":[{"embeddable":true,"href":"https:\/\/www.viaplayradio.se\/lugnafavoriter\/wp-json\/wp\/v2\/comments?post=30117"}],"version-history":[{"count":6,"href":"https:\/\/www.viaplayradio.se\/lugnafavoriter\/wp-json\/wp\/v2\/posts\/30117\/revisions"}],"predecessor-version":[{"id":30141,"href":"https:\/\/www.viaplayradio.se\/lugnafavoriter\/wp-json\/wp\/v2\/posts\/30117\/revisions\/30141"}],"wp:featuredmedia":[{"embeddable":true,"href":"https:\/\/www.viaplayradio.se\/lugnafavoriter\/wp-json\/wp\/v2\/media\/30119"}],"wp:attachment":[{"href":"https:\/\/www.viaplayradio.se\/lugnafavoriter\/wp-json\/wp\/v2\/media?parent=30117"}],"wp:term":[{"taxonomy":"category","embeddable":true,"href":"https:\/\/www.viaplayradio.se\/lugnafavoriter\/wp-json\/wp\/v2\/categories?post=30117"},{"taxonomy":"post_tag","embeddable":true,"href":"https:\/\/www.viaplayradio.se\/lugnafavoriter\/wp-json\/wp\/v2\/tags?post=30117"}],"curies":[{"name":"wp","href":"https:\/\/api.w.org\/{rel}","templated":true}]}}