{"id":29533,"date":"2024-04-12T00:00:00","date_gmt":"2024-04-11T22:00:00","guid":{"rendered":"https:\/\/www.viaplayradio.se\/lugnafavoriter\/?p=29533"},"modified":"2024-05-13T15:23:47","modified_gmt":"2024-05-13T13:23:47","slug":"tempur-och-lugna-favoriter-utser-sveriges-lugnaste-plats","status":"publish","type":"post","link":"https:\/\/www.viaplayradio.se\/lugnafavoriter\/tempur-och-lugna-favoriter-utser-sveriges-lugnaste-plats\/","title":{"rendered":"TEMPUR\u00ae och Lugna Favoriter utser Sveriges Lugnaste plats!"},"content":{"rendered":"\n<p>Under 15-26 april utser <a href=\"https:\/\/se.tempur.com\/\">TEMPUR\u00ae<\/a> och Lugna Favoriter Topp 5 \u201dSveriges Lugnaste plats\u201d. \u00c4r det kanske i \u00f6gonblicket du l\u00e4gger dig p\u00e5 kudden, vid havet eller kanske i sommarstugan? Var med och utse de gyllene stunderna d\u00e4r du m\u00e5r som b\u00e4st s\u00e5 kanske det \u00e4r du som bel\u00f6nas med 2000 kr och en magisk <a href=\"https:\/\/se.tempur.com\/kuddar\/\">TEMPUR\u00ae-kudde <\/a>med tryckavlastande och svala egenskaper, v\u00e4rde 2500 kr. <\/p>\n\n\n\n<p><br>Dela med dig av Din lugnaste plats i nedan formul\u00e4r och bel\u00f6nas samtidigt med ett fint erbjudande. Dessutom, chans att vinna fina priser.<\/p>\n\n\n\n<iframe data-tally-src=\"https:\/\/tally.so\/embed\/3xpW0o?alignLeft=1&#038;hideTitle=1&#038;transparentBackground=1&#038;dynamicHeight=1\" loading=\"lazy\" width=\"100%\" height=\"932\" frameborder=\"0\" marginheight=\"0\" marginwidth=\"0\" title=\"Sveriges Lugnaste plats\"><\/iframe>\n\n\n\n<p><\/p>\n\n\n\n<p><\/p>\n\n\n<div class=\"wp-block-image\">\n<figure class=\"aligncenter size-large is-resized\"><img decoding=\"async\" width=\"1024\" height=\"364\" src=\"https:\/\/www.viaplayradio.se\/lugnafavoriter\/wp-content\/uploads\/sites\/5\/2024\/04\/TEMPUR-Jet-Black-RGB-1024x364.png\" alt=\"\" class=\"wp-image-29657\" style=\"width:480px;height:auto\"\/ loading=\"lazy\" srcset=\"https:\/\/www.viaplayradio.se\/lugnafavoriter\/wp-content\/uploads\/sites\/5\/2024\/04\/TEMPUR-Jet-Black-RGB-1024x364.png 1024w, https:\/\/www.viaplayradio.se\/lugnafavoriter\/wp-content\/uploads\/sites\/5\/2024\/04\/TEMPUR-Jet-Black-RGB-300x107.png 300w, https:\/\/www.viaplayradio.se\/lugnafavoriter\/wp-content\/uploads\/sites\/5\/2024\/04\/TEMPUR-Jet-Black-RGB-768x273.png 768w, https:\/\/www.viaplayradio.se\/lugnafavoriter\/wp-content\/uploads\/sites\/5\/2024\/04\/TEMPUR-Jet-Black-RGB.png 1415w\" sizes=\"(max-width: 1024px) 100vw, 1024px\" \/><\/figure><\/div>\n\n\n<p><br><br><strong>VINSTSPECIFIKATION<\/strong><br>2000 kr och en <a href=\"https:\/\/se.tempur.com\/kuddar\/\">TEMPUR\u00ae-kudde<\/a> med tryckavlastande och svala egenskaper v\u00e4rde 2500 kr &#8211; <em>h\u00e4mtas enligt instruktioner i <strong>Tempur Brand Store, Sveav\u00e4gen 30 Stockholm. <\/strong><\/em>Kan ej bytas mot annan produkt eller pengar. <br><br><em>Att v\u00e4lja r\u00e4tt kudde \u00e4r avg\u00f6rande f\u00f6r en god natts\u00f6mn. Med Tempurs ergonomiska och klassiska kuddar f\u00e5r du inte bara en kudde, utan du investerar i din s\u00f6mnkvalitet. I hj\u00e4rtat av varje madrass och kudde vi skapar finns v\u00e5rt ikoniska TEMPUR\u00ae &#8211; material, f\u00f6dd fr\u00e5n NASA-teknologi. Att v\u00e4lja r\u00e4tt kudde kan f\u00f6rb\u00e4ttra hur bra din kropp \u00e4r positionerad p\u00e5 natten och p\u00e5 s\u00e5 s\u00e4tt p\u00e5verkas din s\u00f6mnkvalitet. TEMPUR\u00ae erbjuder ett brett utbud av kuddar f\u00f6r att tillgodose en rad olika \u00f6nskem\u00e5l och sovst\u00e4llningar. Alla erbjuder optimal komfort och st\u00f6d fr\u00e5n TEMPUR\u00ae-materialet, men de har ocks\u00e5 olika teknologier, design och specialfunktioner f\u00f6r att kunna matcha perfekt med dina behov.<\/em><\/p>\n\n\n\n<p><br><strong><a href=\"https:\/\/se.tempur.com\/\">TEMPUR\u00ae<\/a> M\u00c5L \u00c4R ATT F\u00d6RB\u00c4TTRA S\u00d6MNEN F\u00d6R FLER M\u00c4NNISKOR, \u00d6VER HELA V\u00c4RLDEN<\/strong><br>God s\u00f6mn \u00e4r avg\u00f6rande f\u00f6r oss alla. Det \u00e4r viktigt f\u00f6r v\u00e5r h\u00e4lsa, utveckling och v\u00e4lm\u00e5ende. Och, vi vet att alltf\u00f6r m\u00e5nga m\u00e4nniskor fortfarande inte f\u00e5r den s\u00f6mn de beh\u00f6ver. P\u00e5 TEMPUR \u00ae har v\u00e5rt syfte alltid varit att f\u00f6rb\u00e4ttra s\u00f6mnen f\u00f6r fler m\u00e4nniskor varje natt, \u00f6ver hela v\u00e4rlden. Med nya generationens TEMPUR \u00ae-material har vi tagit komfort och st\u00f6d till en helt ny niv\u00e5 f\u00f6r att f\u00f6r\u00e4ndra och f\u00f6rb\u00e4ttra s\u00f6mnen f\u00f6r fler m\u00e4nniskor varje natt, \u00f6ver hela v\u00e4rlden. S\u00e5, oavsett om du vrider och v\u00e4nder p\u00e5 dig, sover med sm\u00e4rta och obehag eller sover f\u00f6r varmt, s\u00e5 har vi precis r\u00e4tt l\u00f6sning f\u00f6r dig. F\u00f6r n\u00e4r du tillbringar en tredjedel av ditt liv med att sova b\u00f6r du bara n\u00f6ja dig med det b\u00e4sta.<\/p>\n\n\n\n<p><strong>SOV TRYGGT \u2013 VI TAR DIN S\u00d6MN P\u00c5 ALLVAR<\/strong><br>F\u00f6r oss \u00e4r det viktigt att du sover riktigt bra f\u00f6r att kunna \u00e5terh\u00e4mta dig p\u00e5 b\u00e4sta m\u00f6jliga s\u00e4tt. D\u00e4rf\u00f6r erbjuder vi dig ett tryggt och s\u00e4kert Tempurk\u00f6p. Sov tryggt och prova v\u00e5ra utvalda produkter upp till 90 n\u00e4tter. Alla v\u00e5ra madrasser har en sak gemensamt, de erbjuder fantastisk tryckavlastning, st\u00f6d och f\u00f6rm\u00e5ga att absorbera r\u00f6relser. Om du, efter minst 60 n\u00e4tter efter leveransdatumet (kom ih\u00e5g att du har 90 f\u00f6r att vara helt s\u00e4ker), inte \u00e4r n\u00f6jd med fastheten, kan du v\u00e4lja att byta ut madrassen mot en madrass med annan k\u00e4nsla eller teknologi i samma prisklass.<\/p>\n\n\n\n<p><strong>Visste du?<\/strong><br>Tempur \u00e4r det enda madrassvarum\u00e4rket som \u00e4r erk\u00e4nt av NASA och certifierade av &nbsp;US Space Foundation. F\u00f6retaget och dess produkter fick ett officiellt erk\u00e4nnande av NASA vid en gemensam presskonferens den 6 maj 1998, f\u00f6r enast\u00e5ende prestationer i att anpassa den ursprungliga NASA-tekniken f\u00f6r vardagligt bruk och f\u00f6rb\u00e4ttra livskvaliteten f\u00f6r m\u00e4nskligheten.<\/p>\n\n\n\n<p><\/p>\n\n\n<div class=\"wp-block-image\">\n<figure class=\"aligncenter size-full is-resized\"><img decoding=\"async\" width=\"638\" height=\"718\" src=\"https:\/\/www.viaplayradio.se\/lugnafavoriter\/wp-content\/uploads\/sites\/5\/2024\/04\/Space-Foundation-with-small-print-Black-RGB.png\" alt=\"\" class=\"wp-image-29631\" style=\"width:142px;height:auto\"\/ loading=\"lazy\" srcset=\"https:\/\/www.viaplayradio.se\/lugnafavoriter\/wp-content\/uploads\/sites\/5\/2024\/04\/Space-Foundation-with-small-print-Black-RGB.png 638w, https:\/\/www.viaplayradio.se\/lugnafavoriter\/wp-content\/uploads\/sites\/5\/2024\/04\/Space-Foundation-with-small-print-Black-RGB-267x300.png 267w\" sizes=\"(max-width: 638px) 100vw, 638px\" \/><\/figure><\/div>\n\n\n<p><br>V\u00e4lkommen in till <strong>TEMPUR Brand Store p\u00e5 Svev\u00e4gen 30 i Stockholm<\/strong> s\u00e5 ber\u00e4ttar vi mer!<\/p>\n\n\n\n<p><em>F\u00f6lj oss g\u00e4rna i sociala medier<br><a href=\"https:\/\/www.facebook.com\/TempurSwedenOfficial\/\">Facebook<\/a> <br><a href=\"https:\/\/www.instagram.com\/tempursverige\/\">Instagram<\/a> <\/em><\/p>\n\n\n\n<figure class=\"wp-block-image size-large\"><img decoding=\"async\" width=\"1024\" height=\"683\" src=\"https:\/\/www.viaplayradio.se\/lugnafavoriter\/wp-content\/uploads\/sites\/5\/2024\/04\/Prima-couple-sleeping-night-time-1024x683.jpg\" alt=\"\" class=\"wp-image-29545\"\/ loading=\"lazy\" srcset=\"https:\/\/www.viaplayradio.se\/lugnafavoriter\/wp-content\/uploads\/sites\/5\/2024\/04\/Prima-couple-sleeping-night-time-1024x683.jpg 1024w, https:\/\/www.viaplayradio.se\/lugnafavoriter\/wp-content\/uploads\/sites\/5\/2024\/04\/Prima-couple-sleeping-night-time-300x200.jpg 300w, https:\/\/www.viaplayradio.se\/lugnafavoriter\/wp-content\/uploads\/sites\/5\/2024\/04\/Prima-couple-sleeping-night-time-768x512.jpg 768w, https:\/\/www.viaplayradio.se\/lugnafavoriter\/wp-content\/uploads\/sites\/5\/2024\/04\/Prima-couple-sleeping-night-time-1536x1024.jpg 1536w\" sizes=\"(max-width: 1024px) 100vw, 1024px\" \/><\/figure>\n","protected":false},"excerpt":{"rendered":"<p>Var med och utse de gyllene stunderna d\u00e4r du m\u00e5r som b\u00e4st, s\u00e5 kanske det \u00e4r du som bel\u00f6nas med 2000 kr och en magisk TEMPUR\u00ae-kudde.<\/p>\n","protected":false},"author":31,"featured_media":29685,"comment_status":"open","ping_status":"open","sticky":false,"template":"","format":"standard","meta":{"footnotes":"","_links_to":"","_links_to_target":""},"categories":[7],"tags":[],"yoast_head":"<!-- This site is optimized with the Yoast SEO plugin v22.9 - https:\/\/yoast.com\/wordpress\/plugins\/seo\/ -->\n<title>TEMPUR\u00ae och Lugna Favoriter utser Sveriges Lugnaste plats! - Lugna Favoriter<\/title>\n<meta name=\"robots\" content=\"index, follow, max-snippet:-1, max-image-preview:large, max-video-preview:-1\" \/>\n<link rel=\"canonical\" href=\"https:\/\/www.viaplayradio.se\/lugnafavoriter\/tempur-och-lugna-favoriter-utser-sveriges-lugnaste-plats\/\" \/>\n<meta property=\"og:locale\" content=\"sv_SE\" \/>\n<meta property=\"og:type\" content=\"article\" \/>\n<meta property=\"og:title\" content=\"TEMPUR\u00ae och Lugna Favoriter utser Sveriges Lugnaste plats! - Lugna Favoriter\" \/>\n<meta property=\"og:description\" content=\"Var med och utse de gyllene stunderna d\u00e4r du m\u00e5r som b\u00e4st, s\u00e5 kanske det \u00e4r du som bel\u00f6nas med 2000 kr och en magisk TEMPUR\u00ae-kudde.\" \/>\n<meta property=\"og:url\" content=\"https:\/\/www.viaplayradio.se\/lugnafavoriter\/tempur-och-lugna-favoriter-utser-sveriges-lugnaste-plats\/\" \/>\n<meta property=\"og:site_name\" content=\"Lugna Favoriter\" \/>\n<meta property=\"article:published_time\" content=\"2024-04-11T22:00:00+00:00\" \/>\n<meta property=\"article:modified_time\" content=\"2024-05-13T13:23:47+00:00\" \/>\n<meta property=\"og:image\" content=\"https:\/\/www.viaplayradio.se\/lugnafavoriter\/wp-content\/uploads\/sites\/5\/2024\/04\/Kampanjsida_ver2_Lugna_Sveriges-Lugnaste-Plats_Int_desktop_120424.jpg\" \/>\n\t<meta property=\"og:image:width\" content=\"2560\" \/>\n\t<meta property=\"og:image:height\" content=\"1440\" \/>\n\t<meta property=\"og:image:type\" content=\"image\/jpeg\" \/>\n<meta name=\"author\" content=\"kristinrask\" \/>\n<meta name=\"twitter:card\" content=\"summary_large_image\" \/>\n<meta name=\"twitter:label1\" content=\"Skriven av\" \/>\n\t<meta name=\"twitter:data1\" content=\"kristinrask\" \/>\n\t<meta name=\"twitter:label2\" content=\"Ber\u00e4knad l\u00e4stid\" \/>\n\t<meta name=\"twitter:data2\" content=\"3 minuter\" \/>\n<script type=\"application\/ld+json\" class=\"yoast-schema-graph\">{\"@context\":\"https:\/\/schema.org\",\"@graph\":[{\"@type\":\"WebPage\",\"@id\":\"https:\/\/www.viaplayradio.se\/lugnafavoriter\/tempur-och-lugna-favoriter-utser-sveriges-lugnaste-plats\/\",\"url\":\"https:\/\/www.viaplayradio.se\/lugnafavoriter\/tempur-och-lugna-favoriter-utser-sveriges-lugnaste-plats\/\",\"name\":\"TEMPUR\u00ae och Lugna Favoriter utser Sveriges Lugnaste plats! - Lugna Favoriter\",\"isPartOf\":{\"@id\":\"https:\/\/www.viaplayradio.se\/lugnafavoriter\/#website\"},\"primaryImageOfPage\":{\"@id\":\"https:\/\/www.viaplayradio.se\/lugnafavoriter\/tempur-och-lugna-favoriter-utser-sveriges-lugnaste-plats\/#primaryimage\"},\"image\":{\"@id\":\"https:\/\/www.viaplayradio.se\/lugnafavoriter\/tempur-och-lugna-favoriter-utser-sveriges-lugnaste-plats\/#primaryimage\"},\"thumbnailUrl\":\"https:\/\/www.viaplayradio.se\/lugnafavoriter\/wp-content\/uploads\/sites\/5\/2024\/04\/Kampanjsida_ver2_Lugna_Sveriges-Lugnaste-Plats_Int_desktop_120424.jpg\",\"datePublished\":\"2024-04-11T22:00:00+00:00\",\"dateModified\":\"2024-05-13T13:23:47+00:00\",\"author\":{\"@id\":\"https:\/\/www.viaplayradio.se\/lugnafavoriter\/#\/schema\/person\/5b3dddcb4050a486aa9df5e336c46460\"},\"breadcrumb\":{\"@id\":\"https:\/\/www.viaplayradio.se\/lugnafavoriter\/tempur-och-lugna-favoriter-utser-sveriges-lugnaste-plats\/#breadcrumb\"},\"inLanguage\":\"sv-SE\",\"potentialAction\":[{\"@type\":\"ReadAction\",\"target\":[\"https:\/\/www.viaplayradio.se\/lugnafavoriter\/tempur-och-lugna-favoriter-utser-sveriges-lugnaste-plats\/\"]}]},{\"@type\":\"ImageObject\",\"inLanguage\":\"sv-SE\",\"@id\":\"https:\/\/www.viaplayradio.se\/lugnafavoriter\/tempur-och-lugna-favoriter-utser-sveriges-lugnaste-plats\/#primaryimage\",\"url\":\"https:\/\/www.viaplayradio.se\/lugnafavoriter\/wp-content\/uploads\/sites\/5\/2024\/04\/Kampanjsida_ver2_Lugna_Sveriges-Lugnaste-Plats_Int_desktop_120424.jpg\",\"contentUrl\":\"https:\/\/www.viaplayradio.se\/lugnafavoriter\/wp-content\/uploads\/sites\/5\/2024\/04\/Kampanjsida_ver2_Lugna_Sveriges-Lugnaste-Plats_Int_desktop_120424.jpg\",\"width\":2560,\"height\":1440},{\"@type\":\"BreadcrumbList\",\"@id\":\"https:\/\/www.viaplayradio.se\/lugnafavoriter\/tempur-och-lugna-favoriter-utser-sveriges-lugnaste-plats\/#breadcrumb\",\"itemListElement\":[{\"@type\":\"ListItem\",\"position\":1,\"name\":\"Hem\",\"item\":\"https:\/\/www.viaplayradio.se\/lugnafavoriter\/\"},{\"@type\":\"ListItem\",\"position\":2,\"name\":\"TEMPUR\u00ae och Lugna Favoriter utser Sveriges Lugnaste plats!\"}]},{\"@type\":\"WebSite\",\"@id\":\"https:\/\/www.viaplayradio.se\/lugnafavoriter\/#website\",\"url\":\"https:\/\/www.viaplayradio.se\/lugnafavoriter\/\",\"name\":\"Lugna Favoriter\",\"description\":\"En till I Like Radio-webbplatser webbplats\",\"potentialAction\":[{\"@type\":\"SearchAction\",\"target\":{\"@type\":\"EntryPoint\",\"urlTemplate\":\"https:\/\/www.viaplayradio.se\/lugnafavoriter\/?s={search_term_string}\"},\"query-input\":\"required name=search_term_string\"}],\"inLanguage\":\"sv-SE\"},{\"@type\":\"Person\",\"@id\":\"https:\/\/www.viaplayradio.se\/lugnafavoriter\/#\/schema\/person\/5b3dddcb4050a486aa9df5e336c46460\",\"name\":\"kristinrask\",\"image\":{\"@type\":\"ImageObject\",\"inLanguage\":\"sv-SE\",\"@id\":\"https:\/\/www.viaplayradio.se\/lugnafavoriter\/#\/schema\/person\/image\/\",\"url\":\"https:\/\/secure.gravatar.com\/avatar\/131a96fb74b3b14bb1139c5bda1e58dd?s=96&d=mm&r=g\",\"contentUrl\":\"https:\/\/secure.gravatar.com\/avatar\/131a96fb74b3b14bb1139c5bda1e58dd?s=96&d=mm&r=g\",\"caption\":\"kristinrask\"},\"url\":\"https:\/\/www.viaplayradio.se\/lugnafavoriter\/author\/kristinrask\/\"}]}<\/script>\n<!-- \/ Yoast SEO plugin. -->","yoast_head_json":{"title":"TEMPUR\u00ae och Lugna Favoriter utser Sveriges Lugnaste plats! - Lugna Favoriter","robots":{"index":"index","follow":"follow","max-snippet":"max-snippet:-1","max-image-preview":"max-image-preview:large","max-video-preview":"max-video-preview:-1"},"canonical":"https:\/\/www.viaplayradio.se\/lugnafavoriter\/tempur-och-lugna-favoriter-utser-sveriges-lugnaste-plats\/","og_locale":"sv_SE","og_type":"article","og_title":"TEMPUR\u00ae och Lugna Favoriter utser Sveriges Lugnaste plats! - Lugna Favoriter","og_description":"Var med och utse de gyllene stunderna d\u00e4r du m\u00e5r som b\u00e4st, s\u00e5 kanske det \u00e4r du som bel\u00f6nas med 2000 kr och en magisk TEMPUR\u00ae-kudde.","og_url":"https:\/\/www.viaplayradio.se\/lugnafavoriter\/tempur-och-lugna-favoriter-utser-sveriges-lugnaste-plats\/","og_site_name":"Lugna Favoriter","article_published_time":"2024-04-11T22:00:00+00:00","article_modified_time":"2024-05-13T13:23:47+00:00","og_image":[{"width":2560,"height":1440,"url":"https:\/\/www.viaplayradio.se\/lugnafavoriter\/wp-content\/uploads\/sites\/5\/2024\/04\/Kampanjsida_ver2_Lugna_Sveriges-Lugnaste-Plats_Int_desktop_120424.jpg","type":"image\/jpeg"}],"author":"kristinrask","twitter_card":"summary_large_image","twitter_misc":{"Skriven av":"kristinrask","Ber\u00e4knad l\u00e4stid":"3 minuter"},"schema":{"@context":"https:\/\/schema.org","@graph":[{"@type":"WebPage","@id":"https:\/\/www.viaplayradio.se\/lugnafavoriter\/tempur-och-lugna-favoriter-utser-sveriges-lugnaste-plats\/","url":"https:\/\/www.viaplayradio.se\/lugnafavoriter\/tempur-och-lugna-favoriter-utser-sveriges-lugnaste-plats\/","name":"TEMPUR\u00ae och Lugna Favoriter utser Sveriges Lugnaste plats! - Lugna Favoriter","isPartOf":{"@id":"https:\/\/www.viaplayradio.se\/lugnafavoriter\/#website"},"primaryImageOfPage":{"@id":"https:\/\/www.viaplayradio.se\/lugnafavoriter\/tempur-och-lugna-favoriter-utser-sveriges-lugnaste-plats\/#primaryimage"},"image":{"@id":"https:\/\/www.viaplayradio.se\/lugnafavoriter\/tempur-och-lugna-favoriter-utser-sveriges-lugnaste-plats\/#primaryimage"},"thumbnailUrl":"https:\/\/www.viaplayradio.se\/lugnafavoriter\/wp-content\/uploads\/sites\/5\/2024\/04\/Kampanjsida_ver2_Lugna_Sveriges-Lugnaste-Plats_Int_desktop_120424.jpg","datePublished":"2024-04-11T22:00:00+00:00","dateModified":"2024-05-13T13:23:47+00:00","author":{"@id":"https:\/\/www.viaplayradio.se\/lugnafavoriter\/#\/schema\/person\/5b3dddcb4050a486aa9df5e336c46460"},"breadcrumb":{"@id":"https:\/\/www.viaplayradio.se\/lugnafavoriter\/tempur-och-lugna-favoriter-utser-sveriges-lugnaste-plats\/#breadcrumb"},"inLanguage":"sv-SE","potentialAction":[{"@type":"ReadAction","target":["https:\/\/www.viaplayradio.se\/lugnafavoriter\/tempur-och-lugna-favoriter-utser-sveriges-lugnaste-plats\/"]}]},{"@type":"ImageObject","inLanguage":"sv-SE","@id":"https:\/\/www.viaplayradio.se\/lugnafavoriter\/tempur-och-lugna-favoriter-utser-sveriges-lugnaste-plats\/#primaryimage","url":"https:\/\/www.viaplayradio.se\/lugnafavoriter\/wp-content\/uploads\/sites\/5\/2024\/04\/Kampanjsida_ver2_Lugna_Sveriges-Lugnaste-Plats_Int_desktop_120424.jpg","contentUrl":"https:\/\/www.viaplayradio.se\/lugnafavoriter\/wp-content\/uploads\/sites\/5\/2024\/04\/Kampanjsida_ver2_Lugna_Sveriges-Lugnaste-Plats_Int_desktop_120424.jpg","width":2560,"height":1440},{"@type":"BreadcrumbList","@id":"https:\/\/www.viaplayradio.se\/lugnafavoriter\/tempur-och-lugna-favoriter-utser-sveriges-lugnaste-plats\/#breadcrumb","itemListElement":[{"@type":"ListItem","position":1,"name":"Hem","item":"https:\/\/www.viaplayradio.se\/lugnafavoriter\/"},{"@type":"ListItem","position":2,"name":"TEMPUR\u00ae och Lugna Favoriter utser Sveriges Lugnaste plats!"}]},{"@type":"WebSite","@id":"https:\/\/www.viaplayradio.se\/lugnafavoriter\/#website","url":"https:\/\/www.viaplayradio.se\/lugnafavoriter\/","name":"Lugna Favoriter","description":"En till I Like Radio-webbplatser webbplats","potentialAction":[{"@type":"SearchAction","target":{"@type":"EntryPoint","urlTemplate":"https:\/\/www.viaplayradio.se\/lugnafavoriter\/?s={search_term_string}"},"query-input":"required name=search_term_string"}],"inLanguage":"sv-SE"},{"@type":"Person","@id":"https:\/\/www.viaplayradio.se\/lugnafavoriter\/#\/schema\/person\/5b3dddcb4050a486aa9df5e336c46460","name":"kristinrask","image":{"@type":"ImageObject","inLanguage":"sv-SE","@id":"https:\/\/www.viaplayradio.se\/lugnafavoriter\/#\/schema\/person\/image\/","url":"https:\/\/secure.gravatar.com\/avatar\/131a96fb74b3b14bb1139c5bda1e58dd?s=96&d=mm&r=g","contentUrl":"https:\/\/secure.gravatar.com\/avatar\/131a96fb74b3b14bb1139c5bda1e58dd?s=96&d=mm&r=g","caption":"kristinrask"},"url":"https:\/\/www.viaplayradio.se\/lugnafavoriter\/author\/kristinrask\/"}]}},"_links":{"self":[{"href":"https:\/\/www.viaplayradio.se\/lugnafavoriter\/wp-json\/wp\/v2\/posts\/29533"}],"collection":[{"href":"https:\/\/www.viaplayradio.se\/lugnafavoriter\/wp-json\/wp\/v2\/posts"}],"about":[{"href":"https:\/\/www.viaplayradio.se\/lugnafavoriter\/wp-json\/wp\/v2\/types\/post"}],"author":[{"embeddable":true,"href":"https:\/\/www.viaplayradio.se\/lugnafavoriter\/wp-json\/wp\/v2\/users\/31"}],"replies":[{"embeddable":true,"href":"https:\/\/www.viaplayradio.se\/lugnafavoriter\/wp-json\/wp\/v2\/comments?post=29533"}],"version-history":[{"count":40,"href":"https:\/\/www.viaplayradio.se\/lugnafavoriter\/wp-json\/wp\/v2\/posts\/29533\/revisions"}],"predecessor-version":[{"id":29693,"href":"https:\/\/www.viaplayradio.se\/lugnafavoriter\/wp-json\/wp\/v2\/posts\/29533\/revisions\/29693"}],"wp:featuredmedia":[{"embeddable":true,"href":"https:\/\/www.viaplayradio.se\/lugnafavoriter\/wp-json\/wp\/v2\/media\/29685"}],"wp:attachment":[{"href":"https:\/\/www.viaplayradio.se\/lugnafavoriter\/wp-json\/wp\/v2\/media?parent=29533"}],"wp:term":[{"taxonomy":"category","embeddable":true,"href":"https:\/\/www.viaplayradio.se\/lugnafavoriter\/wp-json\/wp\/v2\/categories?post=29533"},{"taxonomy":"post_tag","embeddable":true,"href":"https:\/\/www.viaplayradio.se\/lugnafavoriter\/wp-json\/wp\/v2\/tags?post=29533"}],"curies":[{"name":"wp","href":"https:\/\/api.w.org\/{rel}","templated":true}]}}